{"id":13234,"date":"2026-03-12T13:25:10","date_gmt":"2026-03-12T12:25:10","guid":{"rendered":"https:\/\/janvi-logistics.com\/?p=13234"},"modified":"2026-03-12T13:25:12","modified_gmt":"2026-03-12T12:25:12","slug":"quan-la-logistica-comenca-a-fallar-senyals-de-problemes-logistics-que-afecten-el-transport-i-les-entregues","status":"publish","type":"post","link":"https:\/\/janvi-logistics.com\/ca\/quan-la-logistica-comenca-a-fallar-senyals-de-problemes-logistics-que-afecten-el-transport-i-les-entregues","title":{"rendered":"Quan la log\u00edstica comen\u00e7a a fallar: senyals de problemes log\u00edstics que afecten el transport i les entregues"},"content":{"rendered":"\n<p>En moltes empreses, els <strong>problemes log\u00edstic<\/strong>s no apareixen de manera sobtada. Sorgeixen de forma progressiva, gaireb\u00e9 silenciosa, fins que un dia comencen a impactar directament en el transport, els terminis d\u2019entrega i l\u2019experi\u00e8ncia del client. El que abans funcionava comen\u00e7a a generar friccions: retards, incid\u00e8ncies recurrents i una sensaci\u00f3 constant d\u2019anar sempre a contrarellotge.  <\/p>\n\n<p>Detectar a temps aquests problemes log\u00edstics \u00e9s clau per evitar que afectin la distribuci\u00f3, les rutes de transport i la capacitat operativa del negoci. La log\u00edstica no falla d\u2019un dia per l\u2019altre, per\u00f2 s\u00ed que envia senyals clars quan l\u2019operativa deixa d\u2019estar alineada amb la realitat de l\u2019empresa. <\/p>\n\n<h2 class=\"wp-block-heading\"><strong>Per qu\u00e8 aquests problemes solen passar desapercebuts?<\/strong><\/h2>\n\n<p>Un dels riscos m\u00e9s grans en log\u00edstica \u00e9s la normalitzaci\u00f3 de la inefici\u00e8ncia. Petits retards en el transport, ajustos manuals constants o canvis d\u2019\u00faltima hora en les expedicions s\u2019acaben assumint com a part del dia a dia. Tanmateix, aquests s\u00edmptomes solen ser el reflex de <strong>problemes log\u00edstics estructurals.<\/strong>  <\/p>\n\n<p>Quan el volum de comandes creix o les rutes de distribuci\u00f3 es tornen m\u00e9s complexes, una operativa que no est\u00e0 preparada comen\u00e7a a mostrar debilitats. L\u2019impacte no es limita al magatzem: afecta la planificaci\u00f3 del transport, la coordinaci\u00f3 amb prove\u00efdors i la fiabilitat de les entregues. <\/p>\n\n<h2 class=\"wp-block-heading\"><strong>Senyals clars que existeixen problemes log\u00edstics en la teva operativa<\/strong><\/h2>\n\n<p>Tot i que cada empresa t\u00e9 la seva pr\u00f2pia casu\u00edstica, hi ha indicadors habituals que alerten de problemes relacionats amb el transport i la distribuci\u00f3:<\/p>\n\n<ul class=\"wp-block-list\">\n<li>Retards recurrents en les sortides de mercaderia.<\/li>\n\n\n\n<li>Rutes de transport poc optimitzades o modificades a \u00faltima hora.<\/li>\n\n\n\n<li>Falta de coordinaci\u00f3 entre el magatzem i el transport.<\/li>\n\n\n\n<li>Acumulaci\u00f3 de comandes pendents d\u2019expedici\u00f3.<\/li>\n\n\n\n<li>Dificultat per absorbir pics de demanda sense afectar les entregues.<\/li>\n<\/ul>\n\n<p>Aquests senyals solen indicar que la log\u00edstica ha deixat de ser fluida i que els processos ja no estan dimensionats per al nivell actual d\u2019activitat.<\/p>\n\n<h2 class=\"wp-block-heading\"><strong>L\u2019impacte directe en el transport i la distribuci\u00f3<\/strong><\/h2>\n\n<p>Quan els problemes log\u00edstics no es corregeixen, l\u2019\u00e0rea de transport \u00e9s una de les m\u00e9s afectades. Les expedicions surten m\u00e9s tard, les rutes s\u2019allarguen i els costos de transport augmenten. A m\u00e9s, els errors en la planificaci\u00f3 generen entregues fallides o incompletes, amb el conseg\u00fcent impacte en la satisfacci\u00f3 del client.  <\/p>\n\n<p>Segons el <em><a href=\"https:\/\/cscmp.org\" rel=\"noopener\">Council of Supply Chain Management Professionals (CSCMP)<\/a><\/em>, una mala coordinaci\u00f3 entre el magatzem i el transport \u00e9s una de les principals causes d\u2019inefici\u00e8ncia en la cadena de subministrament i d\u2019increment dels costos log\u00edstics.<\/p>\n\n<h2 class=\"wp-block-heading\"><strong>Quan cr\u00e9ixer sense adaptar la log\u00edstica es converteix en un risc<\/strong><\/h2>\n\n<p>Moltes empreses creixen mantenint la mateixa estructura log\u00edstica. El problema apareix quan aquest creixement no va acompanyat d\u2019una adaptaci\u00f3 dels processos, de l\u2019espai i del transport. En aquest punt, els problemes log\u00edstics deixen de ser puntuals i passen a formar part del dia a dia.  <\/p>\n\n<p>La falta de flexibilitat al magatzem, una planificaci\u00f3 del transport poc escalable o una depend\u00e8ncia excessiva de processos manuals limiten la capacitat de resposta. El resultat \u00e9s una log\u00edstica reactiva, centrada a apagar focs en lloc d\u2019anticipar-se als problemes. <\/p>\n\n<p>\u00c9s fonamental analitzar l\u2019operativa de manera transversal. No n\u2019hi ha prou amb revisar el magatzem o el transport per separat; cal entendre com flueixen els productes des de la recepci\u00f3 fins a l\u2019entrega final. <\/p>\n\n<h2 class=\"wp-block-heading\"><strong>Com un partner log\u00edstic ajuda a anticipar problemes<\/strong><\/h2>\n\n<p>Detectar problemes log\u00edstics des de dins no sempre \u00e9s senzill. L\u2019operativa di\u00e0ria absorbeix l\u2019equip i dificulta identificar inefici\u00e8ncies que s\u2019han normalitzat amb el temps. Per aix\u00f2, cada vegada m\u00e9s empreses confien en partners log\u00edstics que aportin experi\u00e8ncia, metodologia i coneixement del sector.  <\/p>\n\n<p>A <a href=\"https:\/\/janvi-logistics.com\/ca\" data-type=\"link\" data-id=\"https:\/\/janvi-logistics.com\/ca\">Janvi Logistics<\/a> ajudem les empreses a identificar punts cr\u00edtics en la seva operativa, optimitzar els fluxos de transport i millorar la coordinaci\u00f3 entre el magatzem i la distribuci\u00f3. El nostre objectiu \u00e9s que la log\u00edstica acompanyi el creixement del negoci i no es converteixi en un fre. <\/p>\n\n<p>Els problemes log\u00edstics no nom\u00e9s afecten l\u2019efici\u00e8ncia interna, sin\u00f3 tamb\u00e9 la imatge de l\u2019empresa davant dels clients i partners. Anticipar-se, revisar l\u2019operativa i adaptar la log\u00edstica a la realitat actual \u00e9s clau per mantenir la fiabilitat en les entregues i controlar els costos de transport. <\/p>\n\n<p>Una log\u00edstica ben dimensionada, flexible i coordinada permet millorar la planificaci\u00f3, optimitzar rutes i garantir un servei estable fins i tot en moments d\u2019alta demanda.<\/p>\n\n<h2 class=\"wp-block-heading\"><strong>La teva log\u00edstica est\u00e0 enviant senyals d\u2019alerta?<\/strong><\/h2>\n\n<p>Si la teva empresa comen\u00e7a a notar retards en el transport, incid\u00e8ncies en les entregues o una operativa cada vegada m\u00e9s tensa, \u00e9s possible que existeixin <strong>problemes log\u00edstics<\/strong> que conv\u00e9 analitzar com m\u00e9s aviat millor.<\/p>\n\n<p><strong><a href=\"https:\/\/janvi-logistics.com\/ca\/contacte\">Contacta amb nosaltres <\/a><\/strong>i revisem la teva operativa log\u00edstica per detectar punts de millora, optimitzar el transport i assegurar que la teva log\u00edstica acompanya el creixement del teu negoci en lloc de frenar-lo.<\/p>\n","protected":false},"excerpt":{"rendered":"<p>En moltes empreses, els problemes log\u00edstics no apareixen de manera sobtada. Sorgeixen de forma progressiva, gaireb\u00e9 silenciosa, fins que un dia comencen a impactar directament en el transport, els terminis d\u2019entrega i l\u2019experi\u00e8ncia del client. El que abans funcionava comen\u00e7a a generar friccions: retards, incid\u00e8ncies recurrents i una sensaci\u00f3 constant d\u2019anar sempre a contrarellotge. Detectar [&hellip;]<\/p>\n","protected":false},"author":1,"featured_media":12932,"comment_status":"open","ping_status":"open","sticky":false,"template":"","format":"standard","meta":{"_acf_changed":false,"_et_pb_use_builder":"","_et_pb_old_content":"","_et_gb_content_width":"","footnotes":""},"categories":[1],"tags":[],"class_list":["post-13234","post","type-post","status-publish","format-standard","has-post-thumbnail","hentry","category-noticies"],"acf":[],"_links":{"self":[{"href":"https:\/\/janvi-logistics.com\/ca\/wp-json\/wp\/v2\/posts\/13234","targetHints":{"allow":["GET"]}}],"collection":[{"href":"https:\/\/janvi-logistics.com\/ca\/wp-json\/wp\/v2\/posts"}],"about":[{"href":"https:\/\/janvi-logistics.com\/ca\/wp-json\/wp\/v2\/types\/post"}],"author":[{"embeddable":true,"href":"https:\/\/janvi-logistics.com\/ca\/wp-json\/wp\/v2\/users\/1"}],"replies":[{"embeddable":true,"href":"https:\/\/janvi-logistics.com\/ca\/wp-json\/wp\/v2\/comments?post=13234"}],"version-history":[{"count":1,"href":"https:\/\/janvi-logistics.com\/ca\/wp-json\/wp\/v2\/posts\/13234\/revisions"}],"predecessor-version":[{"id":13235,"href":"https:\/\/janvi-logistics.com\/ca\/wp-json\/wp\/v2\/posts\/13234\/revisions\/13235"}],"wp:featuredmedia":[{"embeddable":true,"href":"https:\/\/janvi-logistics.com\/ca\/wp-json\/wp\/v2\/media\/12932"}],"wp:attachment":[{"href":"https:\/\/janvi-logistics.com\/ca\/wp-json\/wp\/v2\/media?parent=13234"}],"wp:term":[{"taxonomy":"category","embeddable":true,"href":"https:\/\/janvi-logistics.com\/ca\/wp-json\/wp\/v2\/categories?post=13234"},{"taxonomy":"post_tag","embeddable":true,"href":"https:\/\/janvi-logistics.com\/ca\/wp-json\/wp\/v2\/tags?post=13234"}],"curies":[{"name":"wp","href":"https:\/\/api.w.org\/{rel}","templated":true}]}}